{"id":3809,"date":"2023-02-28T14:07:37","date_gmt":"2023-02-28T13:07:37","guid":{"rendered":"https:\/\/chibidziura.com\/?p=3809"},"modified":"2023-02-28T14:07:38","modified_gmt":"2023-02-28T13:07:38","slug":"licht-luft-sonne-kunst-7","status":"publish","type":"post","link":"https:\/\/chibidziura.com\/de\/licht-luft-sonne-kunst-7\/","title":{"rendered":"Licht, Luft, Sonne, Kunst!"},"content":{"rendered":"\n<p>G\u00e4hnend leere W\u00e4nde zwischen Sofa und K\u00fcchenzeile? Sie br\u00e4uchten dringend neue Inspiration in den eigenen vier W\u00e4nden? Warum holen Sie sich nicht interessante steirische K\u00fcnstler*innen nach Hause? Die Initiative Kunstverleih bietet Werke von \u00fcber 30 K\u00fcnstler*innen zum Ausleihen an \u2013 ganz unkompliziert und leistbar: F\u00fcr eine Leihgeb\u00fchr von 29 Euro ein Kunstwerk mit nach Hause nehmen und ein Jahr mit zeitgen\u00f6ssischer Kunst leben. W\u00e4hrend der Ausleihe sind die Werke selbstverst\u00e4ndlich versichert.<\/p>\n\n\n\n<p>Alle zum Verleih stehenden Werke der Initiative Kunstverleih werden\u00a0<strong>vom 27. Februar bis 03. M\u00e4rz 2023 in der Akademie Graz, <\/strong>Neutorgasse 42 ausgestellt.\u00a0<\/p>\n\n\n\n<p>Am<strong>\u00a003. M\u00e4rz\u00a0gibt es ab 18 Uhr\u00a0<\/strong>wieder unser<strong>\u00a0legend\u00e4res SPEEDDATING- EVENT<\/strong>. Lernen Sie die K\u00fcnstler:innen pers\u00f6nlich kennen und leihen Sie ihre Werke aus!<\/p>\n\n\n\n<p><strong>\u00d6ffnungszeiten:<\/strong><br>Mo, 27. Februar bis Fr, 03. M\u00e4rz, jeweils 10-17 Uhr: Ausstellung und Reservierung<br><strong>Fr, 03. M\u00e4rz, ab 18 Uhr: Speeddating mit den K\u00fcnstler:innen, Ausstellung &amp; Abholung<\/strong><br>Sa, 04. M\u00e4rz 10:30\u201316 Uhr: Abholung<\/p>\n\n\n\n<p>mit Werken von:<br><strong>Helga Chibidziura, Christoph Grill, Daniel Hafner, Veronika Hauer, Marlene Hausegger, Andreas Heller, Antonia Jeitler, Ulrike K\u00f6nigshofer, Anja Korherr, Ernst Koslitsch, Renate Krammer, Marianne Lang, Catrin Manoli, Martin Osterider, Markus Pippan, Erwin Polanc + Yola Moschitz, Verena Preininger, Wendelin Pressl, Alfons Pressnitz, Isa Riedl, Christina Helena Romirer, Karoline Rudolf, Maria Schnabl, Nina Schuiki, Marlene Stoisser, Edda Strobl, studio ASYNCHROME, Lea Titz, Marie Vermont, Daniel Wetzelberger, Clara Wildberger, Bernhard Wolf, zweintopf<\/strong><br><\/p>\n\n\n\n<p>Licht, Luft und Sonne sind jene Grundbed\u00fcrfnisse, die das Wohnen befriedigen sollte \u2013\u00a0<br>in der ber\u00fchmten Charta von Athen (1933) finden sich diese Forderungen an eine zuk\u00fcnftige\u00a0<br>Stadtplanung erstmals formuliert. Wir m\u00f6chten diesen Leitspruch um einen zentralen Begriff erweitern: KUNST!\u00a0<br>Aber Kunst muss man sich schlie\u00dflich leisten k\u00f6nnen, hei\u00dft es. Und damit bleibt sie f\u00fcr die meisten von\u00a0<br>uns au\u00dfen vor. Gleichzeitig finden viele K\u00fcnstler*innen nur schwer Zugang zu organisierten Vermarktungsschienen\u00a0<br>innerhalb des Kunstsystems. Genau diese L\u00fccke m\u00f6chte die Initiative Kunstverleih schlie\u00dfen und ein Netzwerk zwischen\u00a0<br>steirischen K\u00fcnstler*innen und Kunstinteressierten kn\u00fcpfen.<\/p>\n\n\n\n<p>Alle Werke online unter&nbsp;<a href=\"x-msg:\/\/27\/www.kunstverleih.org\" class=\"\">kunstverleih.org<\/a><\/p>\n\n\n\n<figure class=\"wp-block-image size-large is-resized\"><img decoding=\"async\" src=\"http:\/\/chibidziura.com\/wp-content\/uploads\/2018\/01\/BeitragLichtLuft_.gif\" alt=\"\" class=\"wp-image-1583\" width=\"600\"\/><\/figure>\n","protected":false},"excerpt":{"rendered":"<p>G\u00e4hnend leere W\u00e4nde zwischen Sofa und K\u00fcchenzeile? Sie br\u00e4uchten dringend neue Inspiration in den eigenen vier W\u00e4nden? Warum holen Sie sich nicht interessante steirische K\u00fcnstler*innen nach Hause? Die Initiative Kunstverleih bietet Werke<a class=\"moretag\" href=\"https:\/\/chibidziura.com\/de\/licht-luft-sonne-kunst-7\/\">Read More&#8230;<\/a><\/p>\n","protected":false},"author":2,"featured_media":1587,"comment_status":"closed","ping_status":"closed","sticky":false,"template":"","format":"standard","meta":{"footnotes":""},"categories":[43],"tags":[],"class_list":["post-3809","post","type-post","status-publish","format-standard","has-post-thumbnail","hentry","category-ausstellungen"],"translation":{"provider":"WPGlobus","version":"3.0.2","language":"de","enabled_languages":["en","de"],"languages":{"en":{"title":true,"content":true,"excerpt":false},"de":{"title":false,"content":false,"excerpt":false}}},"_links":{"self":[{"href":"https:\/\/chibidziura.com\/de\/wp-json\/wp\/v2\/posts\/3809","targetHints":{"allow":["GET"]}}],"collection":[{"href":"https:\/\/chibidziura.com\/de\/wp-json\/wp\/v2\/posts"}],"about":[{"href":"https:\/\/chibidziura.com\/de\/wp-json\/wp\/v2\/types\/post"}],"author":[{"embeddable":true,"href":"https:\/\/chibidziura.com\/de\/wp-json\/wp\/v2\/users\/2"}],"replies":[{"embeddable":true,"href":"https:\/\/chibidziura.com\/de\/wp-json\/wp\/v2\/comments?post=3809"}],"version-history":[{"count":2,"href":"https:\/\/chibidziura.com\/de\/wp-json\/wp\/v2\/posts\/3809\/revisions"}],"predecessor-version":[{"id":3811,"href":"https:\/\/chibidziura.com\/de\/wp-json\/wp\/v2\/posts\/3809\/revisions\/3811"}],"wp:featuredmedia":[{"embeddable":true,"href":"https:\/\/chibidziura.com\/de\/wp-json\/wp\/v2\/media\/1587"}],"wp:attachment":[{"href":"https:\/\/chibidziura.com\/de\/wp-json\/wp\/v2\/media?parent=3809"}],"wp:term":[{"taxonomy":"category","embeddable":true,"href":"https:\/\/chibidziura.com\/de\/wp-json\/wp\/v2\/categories?post=3809"},{"taxonomy":"post_tag","embeddable":true,"href":"https:\/\/chibidziura.com\/de\/wp-json\/wp\/v2\/tags?post=3809"}],"curies":[{"name":"wp","href":"https:\/\/api.w.org\/{rel}","templated":true}]}}